{"id":10063,"date":"2024-03-27T14:10:21","date_gmt":"2024-03-27T14:10:21","guid":{"rendered":"https:\/\/mobiledekor.com\/2024\/03\/27\/die-entwicklung-der-albanischen-kueche-ein-einzigartiges-erlebnis-mit-mobilem-dekor\/"},"modified":"2025-09-11T23:36:12","modified_gmt":"2025-09-11T23:36:12","slug":"die-entwicklung-der-albanischen-kueche-ein-einzigartiges-erlebnis-mit-mobilem-dekor","status":"publish","type":"post","link":"https:\/\/mobiledekor.com\/de\/2024\/03\/27\/die-entwicklung-der-albanischen-kueche-ein-einzigartiges-erlebnis-mit-mobilem-dekor\/","title":{"rendered":"Die Entwicklung der albanischen K\u00fcche: Ein einzigartiges Erlebnis mit mobilem Dekor"},"content":{"rendered":"\n<h2 class=\"wp-block-heading\" id=\"h-hapesira-ku-modernia-bashkohen-dhe-tradita\">Der Raum, in dem Moderne und Tradition aufeinandertreffen<\/h2>\n\n<p><br\/>Als Herzst\u00fcck jedes Zuhauses nimmt die albanische K\u00fcche einen besonderen Platz ein und verwandelt sich in einen Raum, in dem nicht nur traditionelle Speisen zubereitet, sondern auch Geschichten und unvergessliche Erinnerungen geteilt werden. Mobile Dekor, ein bekannter Name in der M\u00f6bel- und Innendekorationsbranche, versteht die Tiefe dieser Tradition und bietet ma\u00dfgeschneiderte L\u00f6sungen, die die Sch\u00f6nheit der albanischen K\u00fcche umfassen und diesem warmen Familienraum einen modernen Geist verleihen. <\/p>\n\n<figure data-wp-context=\"{&quot;imageId&quot;:&quot;69f2d3708fe7f&quot;}\" data-wp-interactive=\"core\/image\" class=\"wp-block-image size-full wp-lightbox-container\"><img decoding=\"async\" data-wp-class--hide=\"state.isContentHidden\" data-wp-class--show=\"state.isContentVisible\" data-wp-init=\"callbacks.setButtonStyles\" data-wp-on-async--click=\"actions.showLightbox\" data-wp-on-async--load=\"callbacks.setButtonStyles\" data-wp-on-async-window--resize=\"callbacks.setButtonStyles\" src=\"https:\/\/mobiledekor.com\/wp-content\/uploads\/2024\/03\/2-1.jpg\" alt=\"Albanische K&#xFC;che\" class=\"wp-image-7382\"\/><button\n\t\t\tclass=\"lightbox-trigger\"\n\t\t\ttype=\"button\"\n\t\t\taria-haspopup=\"dialog\"\n\t\t\taria-label=\"Bild vergr\u00f6\u00dfern: Albanische K\u00fcche\"\n\t\t\tdata-wp-init=\"callbacks.initTriggerButton\"\n\t\t\tdata-wp-on-async--click=\"actions.showLightbox\"\n\t\t\tdata-wp-style--right=\"state.imageButtonRight\"\n\t\t\tdata-wp-style--top=\"state.imageButtonTop\"\n\t\t>\n\t\t\t<svg xmlns=\"http:\/\/www.w3.org\/2000\/svg\" width=\"12\" height=\"12\" fill=\"none\" viewBox=\"0 0 12 12\">\n\t\t\t\t<path fill=\"#fff\" d=\"M2 0a2 2 0 0 0-2 2v2h1.5V2a.5.5 0 0 1 .5-.5h2V0H2Zm2 10.5H2a.5.5 0 0 1-.5-.5V8H0v2a2 2 0 0 0 2 2h2v-1.5ZM8 12v-1.5h2a.5.5 0 0 0 .5-.5V8H12v2a2 2 0 0 1-2 2H8Zm2-12a2 2 0 0 1 2 2v2h-1.5V2a.5.5 0 0 0-.5-.5H8V0h2Z\" \/>\n\t\t\t<\/svg>\n\t\t<\/button><\/figure>\n\n<h2 class=\"wp-block-heading\" id=\"h-rendesia-e-kuzhines-shqiptare-ne-ne-kulturen-tone\">Die Bedeutung der albanischen K\u00fcche in unserer Kultur<\/h2>\n\n<p><br\/><br\/>Wir bieten eine gro\u00dfe Auswahl an Rezepten, die von Generation zu Generation weitergegeben wurden. Die albanische K\u00fcche ist ein reichhaltiges Spiegelbild der Geschichte und Kultur des Landes. Der Segila-Teller erz\u00e4hlt eine besondere Geschichte, von einfachen und gesunden Gerichten bis hin zu komplexeren und festlichen Gerichten. <a href=\"http:\/\/mobiledekor.com\/\" target=\"_blank\" rel=\"noreferrer noopener\">Mobile Dekor<\/a> versteht die Bedeutung dieses Erbes und schl\u00e4gt L\u00f6sungen vor, die sich nicht nur an die funktionalen Bed\u00fcrfnisse einer modernen K\u00fcche anpassen, sondern auch die albanische \u00c4sthetik und Tradition wertsch\u00e4tzen und w\u00fcrdigen.  <\/p>\n\n<h3 class=\"wp-block-heading\" id=\"h-pershtatja-me-trendet-dhe-nevojat-moderne\">Anpassung an moderne Trends und Bed\u00fcrfnisse<\/h3>\n\n<p>Technologie und Innenarchitektur haben die Art und Weise ver\u00e4ndert, wie wir die K\u00fcche sehen und nutzen. Mobile Dekor bringt Innovation in diesen Bereich und bietet L\u00f6sungen, die nicht nur \u00e4sthetisch ansprechend, sondern auch funktional und f\u00fcr die heutigen Bed\u00fcrfnisse geeignet sind. Von intelligenten Organisationssystemen bis hin zu langlebigen und umweltfreundlichen Materialien wurde jedes Element so konzipiert, dass es den Komfort maximiert und ein problemloses Benutzererlebnis gew\u00e4hrleistet.  <\/p>\n","protected":false},"excerpt":{"rendered":"<p>Der Raum, in dem Moderne und Tradition aufeinandertreffen Als Herzst\u00fcck jedes Zuhauses nimmt die albanische K\u00fcche einen besonderen Platz ein und verwandelt sich in einen Raum, in dem nicht nur traditionelle Speisen zubereitet, sondern auch Geschichten und unvergessliche Erinnerungen geteilt werden. Mobile Dekor, ein bekannter Name in der M\u00f6bel- und Innendekorationsbranche, versteht die Tiefe dieser [&hellip;]<\/p>\n","protected":false},"author":1,"featured_media":9658,"comment_status":"open","ping_status":"open","sticky":false,"template":"elementor_canvas","format":"standard","meta":{"footnotes":""},"categories":[69],"tags":[],"class_list":["post-10063","post","type-post","status-publish","format-standard","has-post-thumbnail","hentry","category-die-kuche"],"yoast_head":"<!-- This site is optimized with the Yoast SEO Premium plugin v22.1 (Yoast SEO v26.7) - https:\/\/yoast.com\/wordpress\/plugins\/seo\/ -->\n<title>Die Entwicklung der albanischen K\u00fcche: Ein einzigartiges Erlebnis mit mobilem Dekor - Mobile Dekor<\/title>\n<meta name=\"description\" content=\"Nirgendwo gibt es eine bessere albanische K\u00fcche als bei Mobile Dekor, wir bauen sie gemeinsam mit unseren spezialisierten Teams.\" \/>\n<meta name=\"robots\" content=\"index, follow, max-snippet:-1, max-image-preview:large, max-video-preview:-1\" \/>\n<link rel=\"canonical\" href=\"https:\/\/mobiledekor.com\/de\/2024\/03\/27\/die-entwicklung-der-albanischen-kueche-ein-einzigartiges-erlebnis-mit-mobilem-dekor\/\" \/>\n<meta property=\"og:locale\" content=\"de_DE\" \/>\n<meta property=\"og:type\" content=\"article\" \/>\n<meta property=\"og:title\" content=\"Die Entwicklung der albanischen K\u00fcche: Ein einzigartiges Erlebnis mit mobilem Dekor\" \/>\n<meta property=\"og:description\" content=\"Nirgendwo gibt es eine bessere albanische K\u00fcche als bei Mobile Dekor, wir bauen sie gemeinsam mit unseren spezialisierten Teams.\" \/>\n<meta property=\"og:url\" content=\"https:\/\/mobiledekor.com\/de\/2024\/03\/27\/die-entwicklung-der-albanischen-kueche-ein-einzigartiges-erlebnis-mit-mobilem-dekor\/\" \/>\n<meta property=\"og:site_name\" content=\"Mobile Dekor\" \/>\n<meta property=\"article:publisher\" content=\"https:\/\/www.facebook.com\/mobiledekor\" \/>\n<meta property=\"article:published_time\" content=\"2024-03-27T14:10:21+00:00\" \/>\n<meta property=\"article:modified_time\" content=\"2025-09-11T23:36:12+00:00\" \/>\n<meta property=\"og:image\" content=\"https:\/\/mobiledekor.com\/wp-content\/uploads\/2024\/03\/2-1.jpg\" \/>\n\t<meta property=\"og:image:width\" content=\"1\" \/>\n\t<meta property=\"og:image:height\" content=\"1\" \/>\n\t<meta property=\"og:image:type\" content=\"image\/jpeg\" \/>\n<meta name=\"author\" content=\"mobiledekor\" \/>\n<meta name=\"twitter:card\" content=\"summary_large_image\" \/>\n<meta name=\"twitter:label1\" content=\"Verfasst von\" \/>\n\t<meta name=\"twitter:data1\" content=\"mobiledekor\" \/>\n\t<meta name=\"twitter:label2\" content=\"Gesch\u00e4tzte Lesezeit\" \/>\n\t<meta name=\"twitter:data2\" content=\"1\u00a0Minute\" \/>\n<script type=\"application\/ld+json\" class=\"yoast-schema-graph\">{\"@context\":\"https:\/\/schema.org\",\"@graph\":[{\"@type\":\"Article\",\"@id\":\"https:\/\/mobiledekor.com\/de\/2024\/03\/27\/die-entwicklung-der-albanischen-kueche-ein-einzigartiges-erlebnis-mit-mobilem-dekor\/#article\",\"isPartOf\":{\"@id\":\"https:\/\/mobiledekor.com\/de\/2024\/03\/27\/die-entwicklung-der-albanischen-kueche-ein-einzigartiges-erlebnis-mit-mobilem-dekor\/\"},\"author\":{\"name\":\"mobiledekor\",\"@id\":\"https:\/\/mobiledekor.com\/de\/#\/schema\/person\/b3b932f5f846cac7a65f64318b954acb\"},\"headline\":\"Die Entwicklung der albanischen K\u00fcche: Ein einzigartiges Erlebnis mit mobilem Dekor\",\"datePublished\":\"2024-03-27T14:10:21+00:00\",\"dateModified\":\"2025-09-11T23:36:12+00:00\",\"mainEntityOfPage\":{\"@id\":\"https:\/\/mobiledekor.com\/de\/2024\/03\/27\/die-entwicklung-der-albanischen-kueche-ein-einzigartiges-erlebnis-mit-mobilem-dekor\/\"},\"wordCount\":269,\"commentCount\":0,\"publisher\":{\"@id\":\"https:\/\/mobiledekor.com\/de\/#organization\"},\"image\":{\"@id\":\"https:\/\/mobiledekor.com\/de\/2024\/03\/27\/die-entwicklung-der-albanischen-kueche-ein-einzigartiges-erlebnis-mit-mobilem-dekor\/#primaryimage\"},\"thumbnailUrl\":\"https:\/\/mobiledekor.com\/wp-content\/uploads\/2024\/03\/2-1.jpg\",\"articleSection\":[\"Die K\u00fcche\"],\"inLanguage\":\"de\",\"potentialAction\":[{\"@type\":\"CommentAction\",\"name\":\"Comment\",\"target\":[\"https:\/\/mobiledekor.com\/de\/2024\/03\/27\/die-entwicklung-der-albanischen-kueche-ein-einzigartiges-erlebnis-mit-mobilem-dekor\/#respond\"]}]},{\"@type\":\"WebPage\",\"@id\":\"https:\/\/mobiledekor.com\/de\/2024\/03\/27\/die-entwicklung-der-albanischen-kueche-ein-einzigartiges-erlebnis-mit-mobilem-dekor\/\",\"url\":\"https:\/\/mobiledekor.com\/de\/2024\/03\/27\/die-entwicklung-der-albanischen-kueche-ein-einzigartiges-erlebnis-mit-mobilem-dekor\/\",\"name\":\"Die Entwicklung der albanischen K\u00fcche: Ein einzigartiges Erlebnis mit mobilem Dekor - Mobile Dekor\",\"isPartOf\":{\"@id\":\"https:\/\/mobiledekor.com\/de\/#website\"},\"primaryImageOfPage\":{\"@id\":\"https:\/\/mobiledekor.com\/de\/2024\/03\/27\/die-entwicklung-der-albanischen-kueche-ein-einzigartiges-erlebnis-mit-mobilem-dekor\/#primaryimage\"},\"image\":{\"@id\":\"https:\/\/mobiledekor.com\/de\/2024\/03\/27\/die-entwicklung-der-albanischen-kueche-ein-einzigartiges-erlebnis-mit-mobilem-dekor\/#primaryimage\"},\"thumbnailUrl\":\"https:\/\/mobiledekor.com\/wp-content\/uploads\/2024\/03\/2-1.jpg\",\"datePublished\":\"2024-03-27T14:10:21+00:00\",\"dateModified\":\"2025-09-11T23:36:12+00:00\",\"description\":\"Nirgendwo gibt es eine bessere albanische K\u00fcche als bei Mobile Dekor, wir bauen sie gemeinsam mit unseren spezialisierten Teams.\",\"breadcrumb\":{\"@id\":\"https:\/\/mobiledekor.com\/de\/2024\/03\/27\/die-entwicklung-der-albanischen-kueche-ein-einzigartiges-erlebnis-mit-mobilem-dekor\/#breadcrumb\"},\"inLanguage\":\"de\",\"potentialAction\":[{\"@type\":\"ReadAction\",\"target\":[\"https:\/\/mobiledekor.com\/de\/2024\/03\/27\/die-entwicklung-der-albanischen-kueche-ein-einzigartiges-erlebnis-mit-mobilem-dekor\/\"]}]},{\"@type\":\"ImageObject\",\"inLanguage\":\"de\",\"@id\":\"https:\/\/mobiledekor.com\/de\/2024\/03\/27\/die-entwicklung-der-albanischen-kueche-ein-einzigartiges-erlebnis-mit-mobilem-dekor\/#primaryimage\",\"url\":\"https:\/\/mobiledekor.com\/wp-content\/uploads\/2024\/03\/2-1.jpg\",\"contentUrl\":\"https:\/\/mobiledekor.com\/wp-content\/uploads\/2024\/03\/2-1.jpg\"},{\"@type\":\"BreadcrumbList\",\"@id\":\"https:\/\/mobiledekor.com\/de\/2024\/03\/27\/die-entwicklung-der-albanischen-kueche-ein-einzigartiges-erlebnis-mit-mobilem-dekor\/#breadcrumb\",\"itemListElement\":[{\"@type\":\"ListItem\",\"position\":1,\"name\":\"Home\",\"item\":\"https:\/\/mobiledekor.com\/de\/\"},{\"@type\":\"ListItem\",\"position\":2,\"name\":\"Die Entwicklung der albanischen K\u00fcche: Ein einzigartiges Erlebnis mit mobilem Dekor\"}]},{\"@type\":\"WebSite\",\"@id\":\"https:\/\/mobiledekor.com\/de\/#website\",\"url\":\"https:\/\/mobiledekor.com\/de\/\",\"name\":\"Mobile Dekor\",\"description\":\"Kuzhina moderne dhe dhoma gjumi\",\"publisher\":{\"@id\":\"https:\/\/mobiledekor.com\/de\/#organization\"},\"potentialAction\":[{\"@type\":\"SearchAction\",\"target\":{\"@type\":\"EntryPoint\",\"urlTemplate\":\"https:\/\/mobiledekor.com\/de\/?s={search_term_string}\"},\"query-input\":{\"@type\":\"PropertyValueSpecification\",\"valueRequired\":true,\"valueName\":\"search_term_string\"}}],\"inLanguage\":\"de\"},{\"@type\":\"Organization\",\"@id\":\"https:\/\/mobiledekor.com\/de\/#organization\",\"name\":\"Mobile Dekor\",\"url\":\"https:\/\/mobiledekor.com\/de\/\",\"logo\":{\"@type\":\"ImageObject\",\"inLanguage\":\"de\",\"@id\":\"https:\/\/mobiledekor.com\/de\/#\/schema\/logo\/image\/\",\"url\":\"https:\/\/mobiledekor.com\/wp-content\/uploads\/2023\/10\/Mobile-Dekor-PNG-1.png\",\"contentUrl\":\"https:\/\/mobiledekor.com\/wp-content\/uploads\/2023\/10\/Mobile-Dekor-PNG-1.png\",\"width\":2650,\"height\":385,\"caption\":\"Mobile Dekor\"},\"image\":{\"@id\":\"https:\/\/mobiledekor.com\/de\/#\/schema\/logo\/image\/\"},\"sameAs\":[\"https:\/\/www.facebook.com\/mobiledekor\",\"https:\/\/www.instagram.com\/mobiledekor\",\"https:\/\/www.linkedin.com\/company\/mobiledekor\/about\/\"]},{\"@type\":\"Person\",\"@id\":\"https:\/\/mobiledekor.com\/de\/#\/schema\/person\/b3b932f5f846cac7a65f64318b954acb\",\"name\":\"mobiledekor\",\"image\":{\"@type\":\"ImageObject\",\"inLanguage\":\"de\",\"@id\":\"https:\/\/mobiledekor.com\/de\/#\/schema\/person\/image\/\",\"url\":\"https:\/\/secure.gravatar.com\/avatar\/3e9fc7d5e26f5790f0153d621083e9f4?s=96&d=mm&r=g\",\"contentUrl\":\"https:\/\/secure.gravatar.com\/avatar\/3e9fc7d5e26f5790f0153d621083e9f4?s=96&d=mm&r=g\",\"caption\":\"mobiledekor\"},\"sameAs\":[\"https:\/\/mobiledekor.com\"],\"url\":\"https:\/\/mobiledekor.com\/de\/author\/mobiledekor\/\"}]}<\/script>\n<!-- \/ Yoast SEO Premium plugin. -->","yoast_head_json":{"title":"Die Entwicklung der albanischen K\u00fcche: Ein einzigartiges Erlebnis mit mobilem Dekor - Mobile Dekor","description":"Nirgendwo gibt es eine bessere albanische K\u00fcche als bei Mobile Dekor, wir bauen sie gemeinsam mit unseren spezialisierten Teams.","robots":{"index":"index","follow":"follow","max-snippet":"max-snippet:-1","max-image-preview":"max-image-preview:large","max-video-preview":"max-video-preview:-1"},"canonical":"https:\/\/mobiledekor.com\/de\/2024\/03\/27\/die-entwicklung-der-albanischen-kueche-ein-einzigartiges-erlebnis-mit-mobilem-dekor\/","og_locale":"de_DE","og_type":"article","og_title":"Die Entwicklung der albanischen K\u00fcche: Ein einzigartiges Erlebnis mit mobilem Dekor","og_description":"Nirgendwo gibt es eine bessere albanische K\u00fcche als bei Mobile Dekor, wir bauen sie gemeinsam mit unseren spezialisierten Teams.","og_url":"https:\/\/mobiledekor.com\/de\/2024\/03\/27\/die-entwicklung-der-albanischen-kueche-ein-einzigartiges-erlebnis-mit-mobilem-dekor\/","og_site_name":"Mobile Dekor","article_publisher":"https:\/\/www.facebook.com\/mobiledekor","article_published_time":"2024-03-27T14:10:21+00:00","article_modified_time":"2025-09-11T23:36:12+00:00","og_image":[{"url":"https:\/\/mobiledekor.com\/wp-content\/uploads\/2024\/03\/2-1.jpg","width":1,"height":1,"type":"image\/jpeg"}],"author":"mobiledekor","twitter_card":"summary_large_image","twitter_misc":{"Verfasst von":"mobiledekor","Gesch\u00e4tzte Lesezeit":"1\u00a0Minute"},"schema":{"@context":"https:\/\/schema.org","@graph":[{"@type":"Article","@id":"https:\/\/mobiledekor.com\/de\/2024\/03\/27\/die-entwicklung-der-albanischen-kueche-ein-einzigartiges-erlebnis-mit-mobilem-dekor\/#article","isPartOf":{"@id":"https:\/\/mobiledekor.com\/de\/2024\/03\/27\/die-entwicklung-der-albanischen-kueche-ein-einzigartiges-erlebnis-mit-mobilem-dekor\/"},"author":{"name":"mobiledekor","@id":"https:\/\/mobiledekor.com\/de\/#\/schema\/person\/b3b932f5f846cac7a65f64318b954acb"},"headline":"Die Entwicklung der albanischen K\u00fcche: Ein einzigartiges Erlebnis mit mobilem Dekor","datePublished":"2024-03-27T14:10:21+00:00","dateModified":"2025-09-11T23:36:12+00:00","mainEntityOfPage":{"@id":"https:\/\/mobiledekor.com\/de\/2024\/03\/27\/die-entwicklung-der-albanischen-kueche-ein-einzigartiges-erlebnis-mit-mobilem-dekor\/"},"wordCount":269,"commentCount":0,"publisher":{"@id":"https:\/\/mobiledekor.com\/de\/#organization"},"image":{"@id":"https:\/\/mobiledekor.com\/de\/2024\/03\/27\/die-entwicklung-der-albanischen-kueche-ein-einzigartiges-erlebnis-mit-mobilem-dekor\/#primaryimage"},"thumbnailUrl":"https:\/\/mobiledekor.com\/wp-content\/uploads\/2024\/03\/2-1.jpg","articleSection":["Die K\u00fcche"],"inLanguage":"de","potentialAction":[{"@type":"CommentAction","name":"Comment","target":["https:\/\/mobiledekor.com\/de\/2024\/03\/27\/die-entwicklung-der-albanischen-kueche-ein-einzigartiges-erlebnis-mit-mobilem-dekor\/#respond"]}]},{"@type":"WebPage","@id":"https:\/\/mobiledekor.com\/de\/2024\/03\/27\/die-entwicklung-der-albanischen-kueche-ein-einzigartiges-erlebnis-mit-mobilem-dekor\/","url":"https:\/\/mobiledekor.com\/de\/2024\/03\/27\/die-entwicklung-der-albanischen-kueche-ein-einzigartiges-erlebnis-mit-mobilem-dekor\/","name":"Die Entwicklung der albanischen K\u00fcche: Ein einzigartiges Erlebnis mit mobilem Dekor - Mobile Dekor","isPartOf":{"@id":"https:\/\/mobiledekor.com\/de\/#website"},"primaryImageOfPage":{"@id":"https:\/\/mobiledekor.com\/de\/2024\/03\/27\/die-entwicklung-der-albanischen-kueche-ein-einzigartiges-erlebnis-mit-mobilem-dekor\/#primaryimage"},"image":{"@id":"https:\/\/mobiledekor.com\/de\/2024\/03\/27\/die-entwicklung-der-albanischen-kueche-ein-einzigartiges-erlebnis-mit-mobilem-dekor\/#primaryimage"},"thumbnailUrl":"https:\/\/mobiledekor.com\/wp-content\/uploads\/2024\/03\/2-1.jpg","datePublished":"2024-03-27T14:10:21+00:00","dateModified":"2025-09-11T23:36:12+00:00","description":"Nirgendwo gibt es eine bessere albanische K\u00fcche als bei Mobile Dekor, wir bauen sie gemeinsam mit unseren spezialisierten Teams.","breadcrumb":{"@id":"https:\/\/mobiledekor.com\/de\/2024\/03\/27\/die-entwicklung-der-albanischen-kueche-ein-einzigartiges-erlebnis-mit-mobilem-dekor\/#breadcrumb"},"inLanguage":"de","potentialAction":[{"@type":"ReadAction","target":["https:\/\/mobiledekor.com\/de\/2024\/03\/27\/die-entwicklung-der-albanischen-kueche-ein-einzigartiges-erlebnis-mit-mobilem-dekor\/"]}]},{"@type":"ImageObject","inLanguage":"de","@id":"https:\/\/mobiledekor.com\/de\/2024\/03\/27\/die-entwicklung-der-albanischen-kueche-ein-einzigartiges-erlebnis-mit-mobilem-dekor\/#primaryimage","url":"https:\/\/mobiledekor.com\/wp-content\/uploads\/2024\/03\/2-1.jpg","contentUrl":"https:\/\/mobiledekor.com\/wp-content\/uploads\/2024\/03\/2-1.jpg"},{"@type":"BreadcrumbList","@id":"https:\/\/mobiledekor.com\/de\/2024\/03\/27\/die-entwicklung-der-albanischen-kueche-ein-einzigartiges-erlebnis-mit-mobilem-dekor\/#breadcrumb","itemListElement":[{"@type":"ListItem","position":1,"name":"Home","item":"https:\/\/mobiledekor.com\/de\/"},{"@type":"ListItem","position":2,"name":"Die Entwicklung der albanischen K\u00fcche: Ein einzigartiges Erlebnis mit mobilem Dekor"}]},{"@type":"WebSite","@id":"https:\/\/mobiledekor.com\/de\/#website","url":"https:\/\/mobiledekor.com\/de\/","name":"Mobile Dekor","description":"Kuzhina moderne dhe dhoma gjumi","publisher":{"@id":"https:\/\/mobiledekor.com\/de\/#organization"},"potentialAction":[{"@type":"SearchAction","target":{"@type":"EntryPoint","urlTemplate":"https:\/\/mobiledekor.com\/de\/?s={search_term_string}"},"query-input":{"@type":"PropertyValueSpecification","valueRequired":true,"valueName":"search_term_string"}}],"inLanguage":"de"},{"@type":"Organization","@id":"https:\/\/mobiledekor.com\/de\/#organization","name":"Mobile Dekor","url":"https:\/\/mobiledekor.com\/de\/","logo":{"@type":"ImageObject","inLanguage":"de","@id":"https:\/\/mobiledekor.com\/de\/#\/schema\/logo\/image\/","url":"https:\/\/mobiledekor.com\/wp-content\/uploads\/2023\/10\/Mobile-Dekor-PNG-1.png","contentUrl":"https:\/\/mobiledekor.com\/wp-content\/uploads\/2023\/10\/Mobile-Dekor-PNG-1.png","width":2650,"height":385,"caption":"Mobile Dekor"},"image":{"@id":"https:\/\/mobiledekor.com\/de\/#\/schema\/logo\/image\/"},"sameAs":["https:\/\/www.facebook.com\/mobiledekor","https:\/\/www.instagram.com\/mobiledekor","https:\/\/www.linkedin.com\/company\/mobiledekor\/about\/"]},{"@type":"Person","@id":"https:\/\/mobiledekor.com\/de\/#\/schema\/person\/b3b932f5f846cac7a65f64318b954acb","name":"mobiledekor","image":{"@type":"ImageObject","inLanguage":"de","@id":"https:\/\/mobiledekor.com\/de\/#\/schema\/person\/image\/","url":"https:\/\/secure.gravatar.com\/avatar\/3e9fc7d5e26f5790f0153d621083e9f4?s=96&d=mm&r=g","contentUrl":"https:\/\/secure.gravatar.com\/avatar\/3e9fc7d5e26f5790f0153d621083e9f4?s=96&d=mm&r=g","caption":"mobiledekor"},"sameAs":["https:\/\/mobiledekor.com"],"url":"https:\/\/mobiledekor.com\/de\/author\/mobiledekor\/"}]}},"_links":{"self":[{"href":"https:\/\/mobiledekor.com\/de\/wp-json\/wp\/v2\/posts\/10063","targetHints":{"allow":["GET"]}}],"collection":[{"href":"https:\/\/mobiledekor.com\/de\/wp-json\/wp\/v2\/posts"}],"about":[{"href":"https:\/\/mobiledekor.com\/de\/wp-json\/wp\/v2\/types\/post"}],"author":[{"embeddable":true,"href":"https:\/\/mobiledekor.com\/de\/wp-json\/wp\/v2\/users\/1"}],"replies":[{"embeddable":true,"href":"https:\/\/mobiledekor.com\/de\/wp-json\/wp\/v2\/comments?post=10063"}],"version-history":[{"count":2,"href":"https:\/\/mobiledekor.com\/de\/wp-json\/wp\/v2\/posts\/10063\/revisions"}],"predecessor-version":[{"id":10065,"href":"https:\/\/mobiledekor.com\/de\/wp-json\/wp\/v2\/posts\/10063\/revisions\/10065"}],"wp:featuredmedia":[{"embeddable":true,"href":"https:\/\/mobiledekor.com\/de\/wp-json\/wp\/v2\/media\/9658"}],"wp:attachment":[{"href":"https:\/\/mobiledekor.com\/de\/wp-json\/wp\/v2\/media?parent=10063"}],"wp:term":[{"taxonomy":"category","embeddable":true,"href":"https:\/\/mobiledekor.com\/de\/wp-json\/wp\/v2\/categories?post=10063"},{"taxonomy":"post_tag","embeddable":true,"href":"https:\/\/mobiledekor.com\/de\/wp-json\/wp\/v2\/tags?post=10063"}],"curies":[{"name":"wp","href":"https:\/\/api.w.org\/{rel}","templated":true}]}}