{"id":10045,"date":"2024-03-27T14:10:21","date_gmt":"2024-03-27T14:10:21","guid":{"rendered":"https:\/\/mobiledekor.com\/2024\/03\/27\/le-developpement-de-la-cuisine-albanaise-une-experience-unique-avec-mobile-dekor\/"},"modified":"2025-09-11T23:36:14","modified_gmt":"2025-09-11T23:36:14","slug":"le-developpement-de-la-cuisine-albanaise-une-experience-unique-avec-mobile-dekor","status":"publish","type":"post","link":"https:\/\/mobiledekor.com\/fr\/2024\/03\/27\/le-developpement-de-la-cuisine-albanaise-une-experience-unique-avec-mobile-dekor\/","title":{"rendered":"Le d\u00e9veloppement de la cuisine albanaise&nbsp;: une exp\u00e9rience unique avec Mobile Dekor"},"content":{"rendered":"\n<h2 class=\"wp-block-heading\" id=\"h-hapesira-ku-modernia-bashkohen-dhe-tradita\">L&rsquo;espace o\u00f9 se rencontrent Modernit\u00e9 et Tradition<\/h2>\n\n<p><br\/>C\u0153ur de chaque maison, la cuisine albanaise occupe une place particuli\u00e8re, se transformant en un espace o\u00f9 non seulement des plats traditionnels sont pr\u00e9par\u00e9s, mais aussi des histoires et des souvenirs inoubliables sont partag\u00e9s. Mobile Dekor, un nom bien connu dans l&rsquo;industrie du meuble et de la d\u00e9coration int\u00e9rieure, comprend la profondeur de cette tradition et propose des solutions personnalis\u00e9es qui embrassent la beaut\u00e9 de la cuisine albanaise, apportant un esprit moderne \u00e0 cet espace familial chaleureux. <\/p>\n\n<figure data-wp-context=\"{&quot;imageId&quot;:&quot;69f2d370a1e55&quot;}\" data-wp-interactive=\"core\/image\" class=\"wp-block-image size-full wp-lightbox-container\"><img decoding=\"async\" data-wp-class--hide=\"state.isContentHidden\" data-wp-class--show=\"state.isContentVisible\" data-wp-init=\"callbacks.setButtonStyles\" data-wp-on-async--click=\"actions.showLightbox\" data-wp-on-async--load=\"callbacks.setButtonStyles\" data-wp-on-async-window--resize=\"callbacks.setButtonStyles\" src=\"https:\/\/mobiledekor.com\/wp-content\/uploads\/2024\/03\/2-1.jpg\" alt=\"cuisine albanaise\" class=\"wp-image-7382\"\/><button\n\t\t\tclass=\"lightbox-trigger\"\n\t\t\ttype=\"button\"\n\t\t\taria-haspopup=\"dialog\"\n\t\t\taria-label=\"Agrandir l\u2019image\u00a0: cuisine albanaise\"\n\t\t\tdata-wp-init=\"callbacks.initTriggerButton\"\n\t\t\tdata-wp-on-async--click=\"actions.showLightbox\"\n\t\t\tdata-wp-style--right=\"state.imageButtonRight\"\n\t\t\tdata-wp-style--top=\"state.imageButtonTop\"\n\t\t>\n\t\t\t<svg xmlns=\"http:\/\/www.w3.org\/2000\/svg\" width=\"12\" height=\"12\" fill=\"none\" viewBox=\"0 0 12 12\">\n\t\t\t\t<path fill=\"#fff\" d=\"M2 0a2 2 0 0 0-2 2v2h1.5V2a.5.5 0 0 1 .5-.5h2V0H2Zm2 10.5H2a.5.5 0 0 1-.5-.5V8H0v2a2 2 0 0 0 2 2h2v-1.5ZM8 12v-1.5h2a.5.5 0 0 0 .5-.5V8H12v2a2 2 0 0 1-2 2H8Zm2-12a2 2 0 0 1 2 2v2h-1.5V2a.5.5 0 0 0-.5-.5H8V0h2Z\" \/>\n\t\t\t<\/svg>\n\t\t<\/button><\/figure>\n\n<h2 class=\"wp-block-heading\" id=\"h-rendesia-e-kuzhines-shqiptare-ne-ne-kulturen-tone\">L&rsquo;importance de la cuisine albanaise dans notre culture<\/h2>\n\n<p><br\/><br\/>Proposer une large gamme de recettes transmises de g\u00e9n\u00e9ration en g\u00e9n\u00e9ration. La cuisine albanaise est un riche reflet de l&rsquo;histoire et de la culture du pays. L&rsquo;assiette Segila raconte une histoire particuli\u00e8re, des plats simples et sains aux plus complexes et festifs. <a href=\"http:\/\/mobiledekor.com\/\" target=\"_blank\" rel=\"noreferrer noopener\">Mobile Dekor<\/a> comprend l&rsquo;importance de cet h\u00e9ritage et propose des solutions qui non seulement s&rsquo;adaptent aux besoins fonctionnels d&rsquo;une cuisine moderne, mais appr\u00e9cient et honorent \u00e9galement l&rsquo;esth\u00e9tique et la tradition albanaises.  <\/p>\n\n<h3 class=\"wp-block-heading\" id=\"h-pershtatja-me-trendet-dhe-nevojat-moderne\">S&rsquo;adapter aux tendances et aux besoins modernes<\/h3>\n\n<p>La technologie et le design d\u2019int\u00e9rieur ont chang\u00e9 la fa\u00e7on dont nous voyons et utilisons la cuisine. Mobile Dekor apporte de l&rsquo;innovation \u00e0 cet espace, en proposant des solutions non seulement esth\u00e9tiques mais \u00e9galement fonctionnelles et adapt\u00e9es aux besoins d&rsquo;aujourd&rsquo;hui. Des syst\u00e8mes d&rsquo;organisation intelligents aux mat\u00e9riaux durables et respectueux de l&rsquo;environnement, chaque \u00e9l\u00e9ment a \u00e9t\u00e9 con\u00e7u pour maximiser le confort et garantir une exp\u00e9rience utilisateur sans tracas.  <\/p>\n","protected":false},"excerpt":{"rendered":"<p>L&rsquo;espace o\u00f9 se rencontrent Modernit\u00e9 et Tradition C\u0153ur de chaque maison, la cuisine albanaise occupe une place particuli\u00e8re, se transformant en un espace o\u00f9 non seulement des plats traditionnels sont pr\u00e9par\u00e9s, mais aussi des histoires et des souvenirs inoubliables sont partag\u00e9s. Mobile Dekor, un nom bien connu dans l&rsquo;industrie du meuble et de la d\u00e9coration [&hellip;]<\/p>\n","protected":false},"author":1,"featured_media":9657,"comment_status":"open","ping_status":"open","sticky":false,"template":"elementor_canvas","format":"standard","meta":{"footnotes":""},"categories":[67],"tags":[],"class_list":["post-10045","post","type-post","status-publish","format-standard","has-post-thumbnail","hentry","category-la-cuisine"],"yoast_head":"<!-- This site is optimized with the Yoast SEO Premium plugin v22.1 (Yoast SEO v26.7) - https:\/\/yoast.com\/wordpress\/plugins\/seo\/ -->\n<title>Le d\u00e9veloppement de la cuisine albanaise&nbsp;: une exp\u00e9rience unique avec Mobile Dekor - Mobile Dekor<\/title>\n<meta name=\"description\" content=\"La cuisine albanaise est nulle part meilleure que chez Mobile Dekor, nous la construisons avec nos \u00e9quipes sp\u00e9cialis\u00e9es.\" \/>\n<meta name=\"robots\" content=\"index, follow, max-snippet:-1, max-image-preview:large, max-video-preview:-1\" \/>\n<link rel=\"canonical\" href=\"https:\/\/mobiledekor.com\/fr\/2024\/03\/27\/le-developpement-de-la-cuisine-albanaise-une-experience-unique-avec-mobile-dekor\/\" \/>\n<meta property=\"og:locale\" content=\"fr_FR\" \/>\n<meta property=\"og:type\" content=\"article\" \/>\n<meta property=\"og:title\" content=\"Le d\u00e9veloppement de la cuisine albanaise&nbsp;: une exp\u00e9rience unique avec Mobile Dekor\" \/>\n<meta property=\"og:description\" content=\"La cuisine albanaise est nulle part meilleure que chez Mobile Dekor, nous la construisons avec nos \u00e9quipes sp\u00e9cialis\u00e9es.\" \/>\n<meta property=\"og:url\" content=\"https:\/\/mobiledekor.com\/fr\/2024\/03\/27\/le-developpement-de-la-cuisine-albanaise-une-experience-unique-avec-mobile-dekor\/\" \/>\n<meta property=\"og:site_name\" content=\"Mobile Dekor\" \/>\n<meta property=\"article:publisher\" content=\"https:\/\/www.facebook.com\/mobiledekor\" \/>\n<meta property=\"article:published_time\" content=\"2024-03-27T14:10:21+00:00\" \/>\n<meta property=\"article:modified_time\" content=\"2025-09-11T23:36:14+00:00\" \/>\n<meta property=\"og:image\" content=\"https:\/\/mobiledekor.com\/wp-content\/uploads\/2024\/03\/2-1.jpg\" \/>\n\t<meta property=\"og:image:width\" content=\"1\" \/>\n\t<meta property=\"og:image:height\" content=\"1\" \/>\n\t<meta property=\"og:image:type\" content=\"image\/jpeg\" \/>\n<meta name=\"author\" content=\"mobiledekor\" \/>\n<meta name=\"twitter:card\" content=\"summary_large_image\" \/>\n<meta name=\"twitter:label1\" content=\"\u00c9crit par\" \/>\n\t<meta name=\"twitter:data1\" content=\"mobiledekor\" \/>\n\t<meta name=\"twitter:label2\" content=\"Dur\u00e9e de lecture estim\u00e9e\" \/>\n\t<meta name=\"twitter:data2\" content=\"1 minute\" \/>\n<script type=\"application\/ld+json\" class=\"yoast-schema-graph\">{\"@context\":\"https:\/\/schema.org\",\"@graph\":[{\"@type\":\"Article\",\"@id\":\"https:\/\/mobiledekor.com\/fr\/2024\/03\/27\/le-developpement-de-la-cuisine-albanaise-une-experience-unique-avec-mobile-dekor\/#article\",\"isPartOf\":{\"@id\":\"https:\/\/mobiledekor.com\/fr\/2024\/03\/27\/le-developpement-de-la-cuisine-albanaise-une-experience-unique-avec-mobile-dekor\/\"},\"author\":{\"name\":\"mobiledekor\",\"@id\":\"https:\/\/mobiledekor.com\/fr\/#\/schema\/person\/b3b932f5f846cac7a65f64318b954acb\"},\"headline\":\"Le d\u00e9veloppement de la cuisine albanaise&nbsp;: une exp\u00e9rience unique avec Mobile Dekor\",\"datePublished\":\"2024-03-27T14:10:21+00:00\",\"dateModified\":\"2025-09-11T23:36:14+00:00\",\"mainEntityOfPage\":{\"@id\":\"https:\/\/mobiledekor.com\/fr\/2024\/03\/27\/le-developpement-de-la-cuisine-albanaise-une-experience-unique-avec-mobile-dekor\/\"},\"wordCount\":278,\"commentCount\":0,\"publisher\":{\"@id\":\"https:\/\/mobiledekor.com\/fr\/#organization\"},\"image\":{\"@id\":\"https:\/\/mobiledekor.com\/fr\/2024\/03\/27\/le-developpement-de-la-cuisine-albanaise-une-experience-unique-avec-mobile-dekor\/#primaryimage\"},\"thumbnailUrl\":\"https:\/\/mobiledekor.com\/wp-content\/uploads\/2024\/03\/2-1.jpg\",\"articleSection\":[\"La cuisine\"],\"inLanguage\":\"fr-FR\",\"potentialAction\":[{\"@type\":\"CommentAction\",\"name\":\"Comment\",\"target\":[\"https:\/\/mobiledekor.com\/fr\/2024\/03\/27\/le-developpement-de-la-cuisine-albanaise-une-experience-unique-avec-mobile-dekor\/#respond\"]}]},{\"@type\":\"WebPage\",\"@id\":\"https:\/\/mobiledekor.com\/fr\/2024\/03\/27\/le-developpement-de-la-cuisine-albanaise-une-experience-unique-avec-mobile-dekor\/\",\"url\":\"https:\/\/mobiledekor.com\/fr\/2024\/03\/27\/le-developpement-de-la-cuisine-albanaise-une-experience-unique-avec-mobile-dekor\/\",\"name\":\"Le d\u00e9veloppement de la cuisine albanaise&nbsp;: une exp\u00e9rience unique avec Mobile Dekor - Mobile Dekor\",\"isPartOf\":{\"@id\":\"https:\/\/mobiledekor.com\/fr\/#website\"},\"primaryImageOfPage\":{\"@id\":\"https:\/\/mobiledekor.com\/fr\/2024\/03\/27\/le-developpement-de-la-cuisine-albanaise-une-experience-unique-avec-mobile-dekor\/#primaryimage\"},\"image\":{\"@id\":\"https:\/\/mobiledekor.com\/fr\/2024\/03\/27\/le-developpement-de-la-cuisine-albanaise-une-experience-unique-avec-mobile-dekor\/#primaryimage\"},\"thumbnailUrl\":\"https:\/\/mobiledekor.com\/wp-content\/uploads\/2024\/03\/2-1.jpg\",\"datePublished\":\"2024-03-27T14:10:21+00:00\",\"dateModified\":\"2025-09-11T23:36:14+00:00\",\"description\":\"La cuisine albanaise est nulle part meilleure que chez Mobile Dekor, nous la construisons avec nos \u00e9quipes sp\u00e9cialis\u00e9es.\",\"breadcrumb\":{\"@id\":\"https:\/\/mobiledekor.com\/fr\/2024\/03\/27\/le-developpement-de-la-cuisine-albanaise-une-experience-unique-avec-mobile-dekor\/#breadcrumb\"},\"inLanguage\":\"fr-FR\",\"potentialAction\":[{\"@type\":\"ReadAction\",\"target\":[\"https:\/\/mobiledekor.com\/fr\/2024\/03\/27\/le-developpement-de-la-cuisine-albanaise-une-experience-unique-avec-mobile-dekor\/\"]}]},{\"@type\":\"ImageObject\",\"inLanguage\":\"fr-FR\",\"@id\":\"https:\/\/mobiledekor.com\/fr\/2024\/03\/27\/le-developpement-de-la-cuisine-albanaise-une-experience-unique-avec-mobile-dekor\/#primaryimage\",\"url\":\"https:\/\/mobiledekor.com\/wp-content\/uploads\/2024\/03\/2-1.jpg\",\"contentUrl\":\"https:\/\/mobiledekor.com\/wp-content\/uploads\/2024\/03\/2-1.jpg\"},{\"@type\":\"BreadcrumbList\",\"@id\":\"https:\/\/mobiledekor.com\/fr\/2024\/03\/27\/le-developpement-de-la-cuisine-albanaise-une-experience-unique-avec-mobile-dekor\/#breadcrumb\",\"itemListElement\":[{\"@type\":\"ListItem\",\"position\":1,\"name\":\"Home\",\"item\":\"https:\/\/mobiledekor.com\/fr\/\"},{\"@type\":\"ListItem\",\"position\":2,\"name\":\"Le d\u00e9veloppement de la cuisine albanaise&nbsp;: une exp\u00e9rience unique avec Mobile Dekor\"}]},{\"@type\":\"WebSite\",\"@id\":\"https:\/\/mobiledekor.com\/fr\/#website\",\"url\":\"https:\/\/mobiledekor.com\/fr\/\",\"name\":\"Mobile Dekor\",\"description\":\"Kuzhina moderne dhe dhoma gjumi\",\"publisher\":{\"@id\":\"https:\/\/mobiledekor.com\/fr\/#organization\"},\"potentialAction\":[{\"@type\":\"SearchAction\",\"target\":{\"@type\":\"EntryPoint\",\"urlTemplate\":\"https:\/\/mobiledekor.com\/fr\/?s={search_term_string}\"},\"query-input\":{\"@type\":\"PropertyValueSpecification\",\"valueRequired\":true,\"valueName\":\"search_term_string\"}}],\"inLanguage\":\"fr-FR\"},{\"@type\":\"Organization\",\"@id\":\"https:\/\/mobiledekor.com\/fr\/#organization\",\"name\":\"Mobile Dekor\",\"url\":\"https:\/\/mobiledekor.com\/fr\/\",\"logo\":{\"@type\":\"ImageObject\",\"inLanguage\":\"fr-FR\",\"@id\":\"https:\/\/mobiledekor.com\/fr\/#\/schema\/logo\/image\/\",\"url\":\"https:\/\/mobiledekor.com\/wp-content\/uploads\/2023\/10\/Mobile-Dekor-PNG-1.png\",\"contentUrl\":\"https:\/\/mobiledekor.com\/wp-content\/uploads\/2023\/10\/Mobile-Dekor-PNG-1.png\",\"width\":2650,\"height\":385,\"caption\":\"Mobile Dekor\"},\"image\":{\"@id\":\"https:\/\/mobiledekor.com\/fr\/#\/schema\/logo\/image\/\"},\"sameAs\":[\"https:\/\/www.facebook.com\/mobiledekor\",\"https:\/\/www.instagram.com\/mobiledekor\",\"https:\/\/www.linkedin.com\/company\/mobiledekor\/about\/\"]},{\"@type\":\"Person\",\"@id\":\"https:\/\/mobiledekor.com\/fr\/#\/schema\/person\/b3b932f5f846cac7a65f64318b954acb\",\"name\":\"mobiledekor\",\"image\":{\"@type\":\"ImageObject\",\"inLanguage\":\"fr-FR\",\"@id\":\"https:\/\/mobiledekor.com\/fr\/#\/schema\/person\/image\/\",\"url\":\"https:\/\/secure.gravatar.com\/avatar\/3e9fc7d5e26f5790f0153d621083e9f4?s=96&d=mm&r=g\",\"contentUrl\":\"https:\/\/secure.gravatar.com\/avatar\/3e9fc7d5e26f5790f0153d621083e9f4?s=96&d=mm&r=g\",\"caption\":\"mobiledekor\"},\"sameAs\":[\"https:\/\/mobiledekor.com\"],\"url\":\"https:\/\/mobiledekor.com\/fr\/author\/mobiledekor\/\"}]}<\/script>\n<!-- \/ Yoast SEO Premium plugin. -->","yoast_head_json":{"title":"Le d\u00e9veloppement de la cuisine albanaise&nbsp;: une exp\u00e9rience unique avec Mobile Dekor - Mobile Dekor","description":"La cuisine albanaise est nulle part meilleure que chez Mobile Dekor, nous la construisons avec nos \u00e9quipes sp\u00e9cialis\u00e9es.","robots":{"index":"index","follow":"follow","max-snippet":"max-snippet:-1","max-image-preview":"max-image-preview:large","max-video-preview":"max-video-preview:-1"},"canonical":"https:\/\/mobiledekor.com\/fr\/2024\/03\/27\/le-developpement-de-la-cuisine-albanaise-une-experience-unique-avec-mobile-dekor\/","og_locale":"fr_FR","og_type":"article","og_title":"Le d\u00e9veloppement de la cuisine albanaise&nbsp;: une exp\u00e9rience unique avec Mobile Dekor","og_description":"La cuisine albanaise est nulle part meilleure que chez Mobile Dekor, nous la construisons avec nos \u00e9quipes sp\u00e9cialis\u00e9es.","og_url":"https:\/\/mobiledekor.com\/fr\/2024\/03\/27\/le-developpement-de-la-cuisine-albanaise-une-experience-unique-avec-mobile-dekor\/","og_site_name":"Mobile Dekor","article_publisher":"https:\/\/www.facebook.com\/mobiledekor","article_published_time":"2024-03-27T14:10:21+00:00","article_modified_time":"2025-09-11T23:36:14+00:00","og_image":[{"url":"https:\/\/mobiledekor.com\/wp-content\/uploads\/2024\/03\/2-1.jpg","width":1,"height":1,"type":"image\/jpeg"}],"author":"mobiledekor","twitter_card":"summary_large_image","twitter_misc":{"\u00c9crit par":"mobiledekor","Dur\u00e9e de lecture estim\u00e9e":"1 minute"},"schema":{"@context":"https:\/\/schema.org","@graph":[{"@type":"Article","@id":"https:\/\/mobiledekor.com\/fr\/2024\/03\/27\/le-developpement-de-la-cuisine-albanaise-une-experience-unique-avec-mobile-dekor\/#article","isPartOf":{"@id":"https:\/\/mobiledekor.com\/fr\/2024\/03\/27\/le-developpement-de-la-cuisine-albanaise-une-experience-unique-avec-mobile-dekor\/"},"author":{"name":"mobiledekor","@id":"https:\/\/mobiledekor.com\/fr\/#\/schema\/person\/b3b932f5f846cac7a65f64318b954acb"},"headline":"Le d\u00e9veloppement de la cuisine albanaise&nbsp;: une exp\u00e9rience unique avec Mobile Dekor","datePublished":"2024-03-27T14:10:21+00:00","dateModified":"2025-09-11T23:36:14+00:00","mainEntityOfPage":{"@id":"https:\/\/mobiledekor.com\/fr\/2024\/03\/27\/le-developpement-de-la-cuisine-albanaise-une-experience-unique-avec-mobile-dekor\/"},"wordCount":278,"commentCount":0,"publisher":{"@id":"https:\/\/mobiledekor.com\/fr\/#organization"},"image":{"@id":"https:\/\/mobiledekor.com\/fr\/2024\/03\/27\/le-developpement-de-la-cuisine-albanaise-une-experience-unique-avec-mobile-dekor\/#primaryimage"},"thumbnailUrl":"https:\/\/mobiledekor.com\/wp-content\/uploads\/2024\/03\/2-1.jpg","articleSection":["La cuisine"],"inLanguage":"fr-FR","potentialAction":[{"@type":"CommentAction","name":"Comment","target":["https:\/\/mobiledekor.com\/fr\/2024\/03\/27\/le-developpement-de-la-cuisine-albanaise-une-experience-unique-avec-mobile-dekor\/#respond"]}]},{"@type":"WebPage","@id":"https:\/\/mobiledekor.com\/fr\/2024\/03\/27\/le-developpement-de-la-cuisine-albanaise-une-experience-unique-avec-mobile-dekor\/","url":"https:\/\/mobiledekor.com\/fr\/2024\/03\/27\/le-developpement-de-la-cuisine-albanaise-une-experience-unique-avec-mobile-dekor\/","name":"Le d\u00e9veloppement de la cuisine albanaise&nbsp;: une exp\u00e9rience unique avec Mobile Dekor - Mobile Dekor","isPartOf":{"@id":"https:\/\/mobiledekor.com\/fr\/#website"},"primaryImageOfPage":{"@id":"https:\/\/mobiledekor.com\/fr\/2024\/03\/27\/le-developpement-de-la-cuisine-albanaise-une-experience-unique-avec-mobile-dekor\/#primaryimage"},"image":{"@id":"https:\/\/mobiledekor.com\/fr\/2024\/03\/27\/le-developpement-de-la-cuisine-albanaise-une-experience-unique-avec-mobile-dekor\/#primaryimage"},"thumbnailUrl":"https:\/\/mobiledekor.com\/wp-content\/uploads\/2024\/03\/2-1.jpg","datePublished":"2024-03-27T14:10:21+00:00","dateModified":"2025-09-11T23:36:14+00:00","description":"La cuisine albanaise est nulle part meilleure que chez Mobile Dekor, nous la construisons avec nos \u00e9quipes sp\u00e9cialis\u00e9es.","breadcrumb":{"@id":"https:\/\/mobiledekor.com\/fr\/2024\/03\/27\/le-developpement-de-la-cuisine-albanaise-une-experience-unique-avec-mobile-dekor\/#breadcrumb"},"inLanguage":"fr-FR","potentialAction":[{"@type":"ReadAction","target":["https:\/\/mobiledekor.com\/fr\/2024\/03\/27\/le-developpement-de-la-cuisine-albanaise-une-experience-unique-avec-mobile-dekor\/"]}]},{"@type":"ImageObject","inLanguage":"fr-FR","@id":"https:\/\/mobiledekor.com\/fr\/2024\/03\/27\/le-developpement-de-la-cuisine-albanaise-une-experience-unique-avec-mobile-dekor\/#primaryimage","url":"https:\/\/mobiledekor.com\/wp-content\/uploads\/2024\/03\/2-1.jpg","contentUrl":"https:\/\/mobiledekor.com\/wp-content\/uploads\/2024\/03\/2-1.jpg"},{"@type":"BreadcrumbList","@id":"https:\/\/mobiledekor.com\/fr\/2024\/03\/27\/le-developpement-de-la-cuisine-albanaise-une-experience-unique-avec-mobile-dekor\/#breadcrumb","itemListElement":[{"@type":"ListItem","position":1,"name":"Home","item":"https:\/\/mobiledekor.com\/fr\/"},{"@type":"ListItem","position":2,"name":"Le d\u00e9veloppement de la cuisine albanaise&nbsp;: une exp\u00e9rience unique avec Mobile Dekor"}]},{"@type":"WebSite","@id":"https:\/\/mobiledekor.com\/fr\/#website","url":"https:\/\/mobiledekor.com\/fr\/","name":"Mobile Dekor","description":"Kuzhina moderne dhe dhoma gjumi","publisher":{"@id":"https:\/\/mobiledekor.com\/fr\/#organization"},"potentialAction":[{"@type":"SearchAction","target":{"@type":"EntryPoint","urlTemplate":"https:\/\/mobiledekor.com\/fr\/?s={search_term_string}"},"query-input":{"@type":"PropertyValueSpecification","valueRequired":true,"valueName":"search_term_string"}}],"inLanguage":"fr-FR"},{"@type":"Organization","@id":"https:\/\/mobiledekor.com\/fr\/#organization","name":"Mobile Dekor","url":"https:\/\/mobiledekor.com\/fr\/","logo":{"@type":"ImageObject","inLanguage":"fr-FR","@id":"https:\/\/mobiledekor.com\/fr\/#\/schema\/logo\/image\/","url":"https:\/\/mobiledekor.com\/wp-content\/uploads\/2023\/10\/Mobile-Dekor-PNG-1.png","contentUrl":"https:\/\/mobiledekor.com\/wp-content\/uploads\/2023\/10\/Mobile-Dekor-PNG-1.png","width":2650,"height":385,"caption":"Mobile Dekor"},"image":{"@id":"https:\/\/mobiledekor.com\/fr\/#\/schema\/logo\/image\/"},"sameAs":["https:\/\/www.facebook.com\/mobiledekor","https:\/\/www.instagram.com\/mobiledekor","https:\/\/www.linkedin.com\/company\/mobiledekor\/about\/"]},{"@type":"Person","@id":"https:\/\/mobiledekor.com\/fr\/#\/schema\/person\/b3b932f5f846cac7a65f64318b954acb","name":"mobiledekor","image":{"@type":"ImageObject","inLanguage":"fr-FR","@id":"https:\/\/mobiledekor.com\/fr\/#\/schema\/person\/image\/","url":"https:\/\/secure.gravatar.com\/avatar\/3e9fc7d5e26f5790f0153d621083e9f4?s=96&d=mm&r=g","contentUrl":"https:\/\/secure.gravatar.com\/avatar\/3e9fc7d5e26f5790f0153d621083e9f4?s=96&d=mm&r=g","caption":"mobiledekor"},"sameAs":["https:\/\/mobiledekor.com"],"url":"https:\/\/mobiledekor.com\/fr\/author\/mobiledekor\/"}]}},"_links":{"self":[{"href":"https:\/\/mobiledekor.com\/fr\/wp-json\/wp\/v2\/posts\/10045","targetHints":{"allow":["GET"]}}],"collection":[{"href":"https:\/\/mobiledekor.com\/fr\/wp-json\/wp\/v2\/posts"}],"about":[{"href":"https:\/\/mobiledekor.com\/fr\/wp-json\/wp\/v2\/types\/post"}],"author":[{"embeddable":true,"href":"https:\/\/mobiledekor.com\/fr\/wp-json\/wp\/v2\/users\/1"}],"replies":[{"embeddable":true,"href":"https:\/\/mobiledekor.com\/fr\/wp-json\/wp\/v2\/comments?post=10045"}],"version-history":[{"count":2,"href":"https:\/\/mobiledekor.com\/fr\/wp-json\/wp\/v2\/posts\/10045\/revisions"}],"predecessor-version":[{"id":10050,"href":"https:\/\/mobiledekor.com\/fr\/wp-json\/wp\/v2\/posts\/10045\/revisions\/10050"}],"wp:featuredmedia":[{"embeddable":true,"href":"https:\/\/mobiledekor.com\/fr\/wp-json\/wp\/v2\/media\/9657"}],"wp:attachment":[{"href":"https:\/\/mobiledekor.com\/fr\/wp-json\/wp\/v2\/media?parent=10045"}],"wp:term":[{"taxonomy":"category","embeddable":true,"href":"https:\/\/mobiledekor.com\/fr\/wp-json\/wp\/v2\/categories?post=10045"},{"taxonomy":"post_tag","embeddable":true,"href":"https:\/\/mobiledekor.com\/fr\/wp-json\/wp\/v2\/tags?post=10045"}],"curies":[{"name":"wp","href":"https:\/\/api.w.org\/{rel}","templated":true}]}}